{"id":435,"date":"2022-10-14T08:02:57","date_gmt":"2022-10-14T08:02:57","guid":{"rendered":"https:\/\/www.ilerna.com\/fr\/leblog\/?p=435"},"modified":"2022-10-17T08:58:12","modified_gmt":"2022-10-17T08:58:12","slug":"un-nouveau-futur-professionnel-avec-la-formation-daudioprothesiste-la-parole-a-sacha","status":"publish","type":"post","link":"https:\/\/www.ilerna.com\/fr\/leblog\/un-nouveau-futur-professionnel-avec-la-formation-daudioprothesiste-la-parole-a-sacha\/","title":{"rendered":"Un grand avenir professionnel avec la formation d&#8217;audioproth\u00e9siste: la parole \u00e0 Sacha"},"content":{"rendered":"\n<p class=\"has-text-align-center has-medium-font-size\"><strong>Qui est l&#8217;invit\u00e9 du jour \u00e0 la section &#8220;La parole aux \u00e9tudiants&#8221; ?<\/strong><\/p>\n\n\n\n<p>Il s&#8217;appele Sacha et c&#8217;est<strong> un des \u00e9tudiants de notre formation d&#8217;audioproth\u00e9siste<\/strong>. Sacha a commenc\u00e9 la formation en f\u00e9vrier 2021. Il est <strong>Directeur Franchise et Franchis\u00e9 Optical Center.<\/strong><\/p>\n\n\n\n<p><\/p>\n\n\n\n<figure class=\"wp-block-image size-full\"><img loading=\"lazy\" decoding=\"async\" width=\"958\" height=\"540\" src=\"https:\/\/www.ilerna.com\/fr\/leblog\/wp-content\/uploads\/2022\/10\/La-parole-aux-etudiants-958-\u00d7-540-px.png\" alt=\"\" class=\"wp-image-438\" srcset=\"https:\/\/www.ilerna.com\/fr\/leblog\/wp-content\/uploads\/2022\/10\/La-parole-aux-etudiants-958-\u00d7-540-px.png 958w, https:\/\/www.ilerna.com\/fr\/leblog\/wp-content\/uploads\/2022\/10\/La-parole-aux-etudiants-958-\u00d7-540-px-300x169.png 300w, https:\/\/www.ilerna.com\/fr\/leblog\/wp-content\/uploads\/2022\/10\/La-parole-aux-etudiants-958-\u00d7-540-px-768x433.png 768w, https:\/\/www.ilerna.com\/fr\/leblog\/wp-content\/uploads\/2022\/10\/La-parole-aux-etudiants-958-\u00d7-540-px-320x180.png 320w\" sizes=\"auto, (max-width: 958px) 100vw, 958px\" \/><\/figure>\n\n\n\n<p>Nous avons pu lui faire une petite interview tr\u00e8s int\u00e9ressante. Jetez un coup d&#8217;oeil dessus !<\/p>\n\n\n\n<p><\/p>\n\n\n\n<h2 class=\"wp-block-heading\">1. Pourquoi avez-vous choisi de suivre la formation d\u2019Audioproth\u00e9siste&nbsp;?<\/h2>\n\n\n\n<p>Essentiellement pour 2 raisons&nbsp;; montrer l\u2019exemple afin de <strong>motiver les collaborateurs d\u2019Optical Center<\/strong> \u00e0 passer ce dipl\u00f4me, et <strong>compl\u00e9ter ma formation<\/strong> pour travailler dans mes points de vente.<\/p>\n\n\n\n<p><\/p>\n\n\n\n<h2 class=\"wp-block-heading\">2. Quelle est votre opinion sur la m\u00e9thodologie d\u2019\u00e9tude d\u2019ILERNA&nbsp;?<\/h2>\n\n\n\n<p><strong>Cette m\u00e9thodologie est parfaite pour des profils comme les notres.<\/strong> Nous sommes tous d\u00e9j\u00e0 en poste et le e-learning permet de<strong> concilier la formation avec notre travail<\/strong> tout en limitant les d\u00e9placements.<\/p>\n\n\n\n<p><\/p>\n\n\n\n<h2 class=\"wp-block-heading\">3. Pourriez-vous nous raconter un peu sur votre exp\u00e9rience \u00e0 Madrid (l\u2019organisation, le campus, les examens\u2026)&nbsp;?<\/h2>\n\n\n\n<p>Les \u00e9preuves sont regroup\u00e9es sur la journ\u00e9e. <strong>Tr\u00e8s pratique, facile d\u2019acc\u00e8s<\/strong> avec des h\u00f4tels \u00e0 proximit\u00e9&nbsp;!<\/p>\n\n\n\n<p><\/p>\n\n\n\n<h2 class=\"wp-block-heading\">4. Comment fa\u00eetes-vous pour vous organiser avec la formation et le travail&nbsp;\u00e0 temps plein ?<\/h2>\n\n\n\n<p>Mon travail ne me permet pas de prendre du temps en semaine pour ILERNA. <strong>Je concentre tout sur les weekends.<\/strong><\/p>\n\n\n\n<p><\/p>\n\n\n\n<h2 class=\"wp-block-heading\">5. Quel point fort soulignerez-vous d\u2019ILERNA&nbsp;?<\/h2>\n\n\n\n<p>La <strong>qualit\u00e9 du e-learning<\/strong> en premier lieu, la <strong>gentillesse et la rapidit\u00e9<\/strong> des professeurs pour r\u00e9pondre \u00e0 nos questions.<\/p>\n\n\n\n<p><\/p>\n\n\n\n<h2 class=\"wp-block-heading\">6. Comment vous voyez votre futur professionnel d\u2019ici 5 ans&nbsp;?<\/h2>\n\n\n\n<p>Je garderai la <strong>m\u00eame fonction au sein d\u2019Optical Cente<\/strong>r. Une fois le dipl\u00f4me espagnol d\u2019audioproth\u00e8se en poche et les stages effectu\u00e9s n\u00e9cessaire en France, <strong>j\u2019exercerai en d\u00e9pannage dans mes magasins.<\/strong><\/p>\n\n\n\n<p><\/p>\n\n\n\n<p>Nous remercions Sacha pour avoir prit le temps de r\u00e9pondre \u00e0 nos questions et nous lui souhaitons une tr\u00e8s bonne rentr\u00e9e pour ce deuxi\u00e8me semestre. <\/p>\n\n\n\n<p>Si vous souhaitez avoir plus d&#8217;infos sur la formation d&#8217;audioproth\u00e9siste, vous pouvez visiter notre site internet et t\u00e9l\u00e9charger la brochure de la formation :<\/p>\n\n\n\n<div class=\"wp-block-buttons is-content-justification-center is-layout-flex wp-container-core-buttons-is-layout-16018d1d wp-block-buttons-is-layout-flex\">\n<div class=\"wp-block-button\"><a class=\"wp-block-button__link has-text-color has-background\" href=\"https:\/\/www.ilerna.com\/fr\/formation-audioprothesiste-575\" style=\"background-color:#48b9ce;color:#f1f1f1\" target=\"_blank\" rel=\"noreferrer noopener\">Formation d&#8217;Audioproth\u00e9siste<\/a><\/div>\n<\/div>\n","protected":false},"excerpt":{"rendered":"<p>Interview \u00e0 Sacha, \u00e9tudiant de la formation d&#8217;audioproth\u00e9siste chez ILERNA Online. Sacha est directeur dans une grande soci\u00e9t\u00e9 d&#8217;optique et audio en France. Il suit cette formation pour motiver ses collaborateurs et compl\u00e9ter sa formation. <\/p>\n","protected":false},"author":1,"featured_media":444,"comment_status":"closed","ping_status":"open","sticky":false,"template":"","format":"standard","meta":{"footnotes":""},"categories":[7,6,60,14],"tags":[11,59,57,58],"class_list":["post-435","post","type-post","status-publish","format-standard","has-post-thumbnail","hentry","category-audioprothesiste","category-ilerna","category-interview","category-nouvelles","tag-audioprothesiste","tag-formationprofessionnelle","tag-interview","tag-opinion"],"featured_image_src":"https:\/\/www.ilerna.com\/fr\/leblog\/wp-content\/uploads\/2022\/10\/La-parole-aux-etudiants-600x400.png","featured_image_src_square":"https:\/\/www.ilerna.com\/fr\/leblog\/wp-content\/uploads\/2022\/10\/La-parole-aux-etudiants-600x600.png","author_info":{"display_name":"jbeltran@ilernaonline.com","author_link":"https:\/\/www.ilerna.com\/fr\/leblog\/author\/jbeltranilernaonline-com\/"},"_links":{"self":[{"href":"https:\/\/www.ilerna.com\/fr\/leblog\/wp-json\/wp\/v2\/posts\/435","targetHints":{"allow":["GET"]}}],"collection":[{"href":"https:\/\/www.ilerna.com\/fr\/leblog\/wp-json\/wp\/v2\/posts"}],"about":[{"href":"https:\/\/www.ilerna.com\/fr\/leblog\/wp-json\/wp\/v2\/types\/post"}],"author":[{"embeddable":true,"href":"https:\/\/www.ilerna.com\/fr\/leblog\/wp-json\/wp\/v2\/users\/1"}],"replies":[{"embeddable":true,"href":"https:\/\/www.ilerna.com\/fr\/leblog\/wp-json\/wp\/v2\/comments?post=435"}],"version-history":[{"count":3,"href":"https:\/\/www.ilerna.com\/fr\/leblog\/wp-json\/wp\/v2\/posts\/435\/revisions"}],"predecessor-version":[{"id":442,"href":"https:\/\/www.ilerna.com\/fr\/leblog\/wp-json\/wp\/v2\/posts\/435\/revisions\/442"}],"wp:featuredmedia":[{"embeddable":true,"href":"https:\/\/www.ilerna.com\/fr\/leblog\/wp-json\/wp\/v2\/media\/444"}],"wp:attachment":[{"href":"https:\/\/www.ilerna.com\/fr\/leblog\/wp-json\/wp\/v2\/media?parent=435"}],"wp:term":[{"taxonomy":"category","embeddable":true,"href":"https:\/\/www.ilerna.com\/fr\/leblog\/wp-json\/wp\/v2\/categories?post=435"},{"taxonomy":"post_tag","embeddable":true,"href":"https:\/\/www.ilerna.com\/fr\/leblog\/wp-json\/wp\/v2\/tags?post=435"}],"curies":[{"name":"wp","href":"https:\/\/api.w.org\/{rel}","templated":true}]}}