{"id":390,"date":"2022-05-13T06:57:56","date_gmt":"2022-05-13T06:57:56","guid":{"rendered":"https:\/\/www.ilerna.com\/fr\/leblog\/?p=390"},"modified":"2022-05-13T07:42:24","modified_gmt":"2022-05-13T07:42:24","slug":"comment-se-developpe-louie-chez-les-enfants","status":"publish","type":"post","link":"https:\/\/www.ilerna.com\/fr\/leblog\/comment-se-developpe-louie-chez-les-enfants\/","title":{"rendered":"Comment se d\u00e9veloppe l&#8217;ou\u00efe chez les enfants ?"},"content":{"rendered":"\n<p>L\u2019ou\u00efe est <strong>le sens le plus d\u00e9velopp\u00e9 du f\u0153tus<\/strong>. L\u2019audition progresse entre la semaine 26 et 28 quand le f\u0153tus commence par entendre les bruits du syst\u00e8me digestif, circulatoire et cardiaque de la m\u00e8re. Il \u00e9coute ces sons dans une intensit\u00e9 de 30 d\u00e9cibels, comparable \u00e0 un chuchotement.<\/p>\n\n\n\n<figure class=\"wp-block-image size-full\"><img loading=\"lazy\" decoding=\"async\" width=\"958\" height=\"540\" src=\"https:\/\/www.ilerna.com\/fr\/leblog\/wp-content\/uploads\/2022\/05\/Diseno-sin-titulo-27.png\" alt=\"D\u00e9veloppement de l'ou\u00efe chez les enfants\" class=\"wp-image-392\" srcset=\"https:\/\/www.ilerna.com\/fr\/leblog\/wp-content\/uploads\/2022\/05\/Diseno-sin-titulo-27.png 958w, https:\/\/www.ilerna.com\/fr\/leblog\/wp-content\/uploads\/2022\/05\/Diseno-sin-titulo-27-300x169.png 300w, https:\/\/www.ilerna.com\/fr\/leblog\/wp-content\/uploads\/2022\/05\/Diseno-sin-titulo-27-768x433.png 768w, https:\/\/www.ilerna.com\/fr\/leblog\/wp-content\/uploads\/2022\/05\/Diseno-sin-titulo-27-320x180.png 320w\" sizes=\"auto, (max-width: 958px) 100vw, 958px\" \/><figcaption>D\u00e9veloppement de l&#8217;ou\u00efe chez les enfants<\/figcaption><\/figure>\n\n\n\n<h2 class=\"wp-block-heading\"><strong>L\u2019environnement sonore de l\u2019ut\u00e9rus<\/strong><\/h2>\n\n\n\n<p>Selon l\u2019\u00e9tude faite par Granier-Deffere et Busnel, les bruits qui composent l\u2019ut\u00e9rus sont <a href=\"https:\/\/www.cairn.info\/revue-spirale-2011-3-page-17.htm\">des bruits placentaires naturels et maternels <\/a>(battement du c\u0153ur, bruits digestifs\u2026) qui ont des composantes graves et m\u00e9diums. Les voix graves externes sont masqu\u00e9es par le bruit de fond intra-ut\u00e9rin.&nbsp;<\/p>\n\n\n\n<p>Au cours du <strong>dernier trimestre de grossesse, l\u2019audition se d\u00e9veloppe.<\/strong> Au cours du sixi\u00e8me mois de grossesse, l\u2019oreille interne interne se d\u00e9veloppe. Entre le septi\u00e8me et le huiti\u00e8me mois, la voie auditive du f\u0153tus se compl\u00e8te.&nbsp;<\/p>\n\n\n\n<p>Les foetus peuvent reconna\u00eetre:<\/p>\n\n\n\n<ul class=\"wp-block-list\"><li>Les <strong>fr\u00e9quences auditives<\/strong> ou de spectre acoustique<\/li><li>Les <strong>diff\u00e9rences d\u2019intensit\u00e9<\/strong><\/li><\/ul>\n\n\n\n<p><\/p>\n\n\n\n<h2 class=\"wp-block-heading\"><strong>Les \u00e9couteurs sur le ventre, un risque pour l\u2019audition<\/strong><\/h2>\n\n\n\n<p>Placer des \u00e9couteurs sur le ventre pour faire entendre de la musique ou une voix au beb\u00e9 <strong>n\u2019est pas une bonne id\u00e9e<\/strong>. Plusieurs experts soulignent que cette action peut endommager l\u2019audition du foetus.&nbsp;<\/p>\n\n\n\n<p>Les sons \u00e9mis dans l\u2019air n\u2019ont pas les m\u00eames caract\u00e9ristiques que ceux diffus\u00e9s lorsque l&#8217;\u00e9metteur est en contact direct avec l\u2019abdomen maternel. Ces derniers peuvent atteindre 110dB dans l&#8217;ut\u00e9rus. Le corps des femmes enceintes se comporte comme une caisse de r\u00e9sonance. <strong>L\u2019ou\u00efe du f\u0153tus risque d\u2019\u00eatre mise en danger.&nbsp;<\/strong><\/p>\n\n\n\n<p><\/p>\n\n\n\n<h2 class=\"wp-block-heading\"><strong>Test audition chez les nourrissons<\/strong><\/h2>\n\n\n\n<p>En France, <a href=\"https:\/\/solidarites-sante.gouv.fr\/IMG\/pdf\/Depliant_surdite_enfants_2014__BD_BAT.pdf\"><strong>un d\u00e9pistage en maternit\u00e9<\/strong><\/a><strong> est toujours propos\u00e9<\/strong> pour d\u00e9c\u00e9l\u00e9rer la grande majorit\u00e9 des troubles qui pourraient n\u00e9cessiter d\u2019un accompagnement adapt\u00e9.&nbsp;<\/p>\n\n\n\n<p>Ce test doit \u00eatre r\u00e9alis\u00e9 avec le consentement des parents.&nbsp;<\/p>\n\n\n\n<p>Il existe 2 fa\u00e7ons de le r\u00e9aliser:&nbsp;<\/p>\n\n\n\n<ul class=\"wp-block-list\"><li>Par une <strong>petite sonde<\/strong> pos\u00e9e dans l\u2019oreille<\/li><li>Par une <strong>oreillette<\/strong><\/li><\/ul>\n\n\n\n<p>Dans les deux cas des sons \u00e0 faible intensit\u00e9 sont \u00e9mis dans l\u2019oreille du b\u00e9b\u00e9. Ce test va d\u00e9terminer <strong>si la transmission de sons s\u2019est faite ou non de mani\u00e8re satisfaisante<\/strong>.&nbsp;<\/p>\n\n\n\n<p><\/p>\n\n\n\n<h2 class=\"wp-block-heading\"><strong>L\u2019audition chez les b\u00e9b\u00e9s<\/strong><\/h2>\n\n\n\n<p>D\u2019apr\u00e8s Amplifon, c\u2019est lors de la naissance que <a href=\"https:\/\/www.amplifon.com\/fr\/blog\/l-audition-chez-les-bebes\">l\u2019audition des b\u00e9b\u00e9s devient compl\u00e8tement op\u00e9rationnelle<\/a>. Quand les nouveau-n\u00e9s respirent pour la premi\u00e8re fois, <strong>le liquide qui englue la trompe d\u2019Eustache coule dans les voies respiratoires et lib\u00e8re ainsi le conduit auditif<\/strong>.&nbsp;<\/p>\n\n\n\n<p>\u00c0 partir de l&#8217;accouchement, les nourrissons commencent \u00e0 d\u00e9velopper leur <strong>m\u00e9moire auditive<\/strong>. Ils reconnaissent la voix de leur m\u00e8re et certains sons qu\u2019ils ont d\u00e9j\u00e0 entendu dans le ventre et qui sont s\u00e9curisants pour eux.&nbsp;<\/p>\n\n\n\n<p>Pendant les trois premiers mois de vie, les enfants <strong>r\u00e9agissent aux bruits \u00e0 travers des pleurs, des sursauts<\/strong>\u2026 Ensuite, jusqu\u2019au sixi\u00e8me mois de vie, ils commencent \u00e0 tourner la t\u00eate vers les sons et \u00e0 tenter d\u2019en produire. Finalement, jusqu\u2019au premier an, ils r\u00e9p\u00e8tent des syllabes et associent le sens aux sons qu\u2019il \u00e9coute. C\u2019est \u00e0 partir de ce moment-l\u00e0 que <strong>les b\u00e9b\u00e9s commencent \u00e0 d\u00e9velopper le langage.&nbsp;<\/strong><\/p>\n\n\n\n<p><\/p>\n\n\n\n<pre class=\"wp-block-preformatted\">Si le sujet de l\u2019audition vous int\u00e9resse, jetez un coup d'\u0153il \u00e0 la formation d\u2019Audioproth\u00e9siste que propose ILERNA Online France.&nbsp;<\/pre>\n\n\n\n<div class=\"wp-block-buttons is-content-justification-center is-layout-flex wp-container-core-buttons-is-layout-16018d1d wp-block-buttons-is-layout-flex\">\n<div class=\"wp-block-button\"><a class=\"wp-block-button__link has-background\" href=\"https:\/\/www.ilerna.com\/fr\/formation-audioprothesiste-575\" style=\"background-color:#48b9ce\"><strong>Formation d&#8217;audioproth\u00e9siste d&#8217;ILERNA Online France<\/strong><\/a><\/div>\n<\/div>\n\n\n\n<p class=\"has-text-color\" style=\"color:#f1f1f1\"><\/p>\n","protected":false},"excerpt":{"rendered":"<p>L\u2019ou\u00efe est le sens le plus aiguis\u00e9 du f\u0153tus. Depuis la semaine 26 ils commencent \u00e0 entendre les bruits du syst\u00e8me digestif, circulatoire et cardiaque de la m\u00e8re.<br \/>\nC\u2019est lors de la naissance, quand les nouveau-n\u00e9s respirent pour la premi\u00e8re fois que leur audition devient compl\u00e8tement op\u00e9rationnelle. <\/p>\n","protected":false},"author":1,"featured_media":392,"comment_status":"closed","ping_status":"open","sticky":false,"template":"","format":"standard","meta":{"footnotes":""},"categories":[7],"tags":[42,44,43,41],"class_list":["post-390","post","type-post","status-publish","format-standard","has-post-thumbnail","hentry","category-audioprothesiste","tag-audition","tag-bebes","tag-enfants","tag-ouie"],"featured_image_src":"https:\/\/www.ilerna.com\/fr\/leblog\/wp-content\/uploads\/2022\/05\/Diseno-sin-titulo-27-600x400.png","featured_image_src_square":"https:\/\/www.ilerna.com\/fr\/leblog\/wp-content\/uploads\/2022\/05\/Diseno-sin-titulo-27-600x540.png","author_info":{"display_name":"jbeltran@ilernaonline.com","author_link":"https:\/\/www.ilerna.com\/fr\/leblog\/author\/jbeltranilernaonline-com\/"},"_links":{"self":[{"href":"https:\/\/www.ilerna.com\/fr\/leblog\/wp-json\/wp\/v2\/posts\/390","targetHints":{"allow":["GET"]}}],"collection":[{"href":"https:\/\/www.ilerna.com\/fr\/leblog\/wp-json\/wp\/v2\/posts"}],"about":[{"href":"https:\/\/www.ilerna.com\/fr\/leblog\/wp-json\/wp\/v2\/types\/post"}],"author":[{"embeddable":true,"href":"https:\/\/www.ilerna.com\/fr\/leblog\/wp-json\/wp\/v2\/users\/1"}],"replies":[{"embeddable":true,"href":"https:\/\/www.ilerna.com\/fr\/leblog\/wp-json\/wp\/v2\/comments?post=390"}],"version-history":[{"count":4,"href":"https:\/\/www.ilerna.com\/fr\/leblog\/wp-json\/wp\/v2\/posts\/390\/revisions"}],"predecessor-version":[{"id":396,"href":"https:\/\/www.ilerna.com\/fr\/leblog\/wp-json\/wp\/v2\/posts\/390\/revisions\/396"}],"wp:featuredmedia":[{"embeddable":true,"href":"https:\/\/www.ilerna.com\/fr\/leblog\/wp-json\/wp\/v2\/media\/392"}],"wp:attachment":[{"href":"https:\/\/www.ilerna.com\/fr\/leblog\/wp-json\/wp\/v2\/media?parent=390"}],"wp:term":[{"taxonomy":"category","embeddable":true,"href":"https:\/\/www.ilerna.com\/fr\/leblog\/wp-json\/wp\/v2\/categories?post=390"},{"taxonomy":"post_tag","embeddable":true,"href":"https:\/\/www.ilerna.com\/fr\/leblog\/wp-json\/wp\/v2\/tags?post=390"}],"curies":[{"name":"wp","href":"https:\/\/api.w.org\/{rel}","templated":true}]}}