{"id":382,"date":"2022-04-21T10:36:02","date_gmt":"2022-04-21T10:36:02","guid":{"rendered":"https:\/\/www.ilerna.com\/fr\/leblog\/?p=382"},"modified":"2022-04-21T14:22:36","modified_gmt":"2022-04-21T14:22:36","slug":"les-ecouteurs-un-probleme-pour-louie","status":"publish","type":"post","link":"https:\/\/www.ilerna.com\/fr\/leblog\/les-ecouteurs-un-probleme-pour-louie\/","title":{"rendered":"Les \u00e9couteurs, un probl\u00e8me pour l&#8217;ou\u00efe ?"},"content":{"rendered":"\n<p>D&#8217;apr\u00e8s le dernier rapport sur l&#8217;audition de l\u2019<strong>Organisation Mondiale de la Sant\u00e9<\/strong> (OMS), d\u2019ici 2050, presque<a rel=\"noreferrer noopener\" href=\"https:\/\/cdn.who.int\/media\/docs\/default-source\/documents\/health-topics\/deafness-and-hearing-loss\/world-report-on-hearing\/wrh-exec-summary-fr.pdf?sfvrsn=feb8d533_30\" target=\"_blank\"> <strong>2,5 milliards de personnes vivront avec une perte auditive<\/strong><\/a>. De plus, au moins, <strong>700 millions auront besoin de services de r\u00e9adaptation.<\/strong> Cette perte auditive \u00e0 l\u2019\u00e9chelle mondiale entra\u00eenera une augmentation des co\u00fbts associ\u00e9s face \u00e0 l\u2019inaction.\u00a0<\/p>\n\n\n\n<figure class=\"wp-block-image size-full\"><img loading=\"lazy\" decoding=\"async\" width=\"958\" height=\"540\" src=\"https:\/\/www.ilerna.com\/fr\/leblog\/wp-content\/uploads\/2022\/04\/Diseno-sin-titulo-24.png\" alt=\"Les \u00e9couteurs, un probl\u00e8me pour l\u2019ou\u00efe ?\" class=\"wp-image-384\" srcset=\"https:\/\/www.ilerna.com\/fr\/leblog\/wp-content\/uploads\/2022\/04\/Diseno-sin-titulo-24.png 958w, https:\/\/www.ilerna.com\/fr\/leblog\/wp-content\/uploads\/2022\/04\/Diseno-sin-titulo-24-300x169.png 300w, https:\/\/www.ilerna.com\/fr\/leblog\/wp-content\/uploads\/2022\/04\/Diseno-sin-titulo-24-768x433.png 768w, https:\/\/www.ilerna.com\/fr\/leblog\/wp-content\/uploads\/2022\/04\/Diseno-sin-titulo-24-320x180.png 320w\" sizes=\"auto, (max-width: 958px) 100vw, 958px\" \/><figcaption>Les \u00e9couteurs, un probl\u00e8me pour l\u2019ou\u00efe ?<\/figcaption><\/figure>\n\n\n\n<p>L\u2019OMS d\u00e9finit les interventions de sant\u00e9 publique n\u00e9cessaires avec l\u2019acronyme anglais <strong>H.E.A.R.I.N.G.<\/strong> :<\/p>\n\n\n\n<ul class=\"wp-block-list\"><li>H: <strong>D\u00e9pistage et intervention<\/strong> en mati\u00e8re d\u2019audition<\/li><li>E: <strong>Pr\u00e9vention et prise en charge <\/strong>des maladies de l\u2019oreille<\/li><li>A: <strong>Acc\u00e8s aux technologies<\/strong><\/li><li>R: Services de <strong>r\u00e9habilitation\u00a0<\/strong><\/li><li>I: <strong>Am\u00e9lioration de la communication<\/strong><\/li><li>N: <strong>R\u00e9duction du bruit<\/strong><\/li><li>G: Un plus grand <strong>engagement communautaire<\/strong><\/li><\/ul>\n\n\n\n<p>Le gouvernement fran\u00e7ais \u00e0 adopt\u00e9 la <strong><a rel=\"noreferrer noopener\" href=\"https:\/\/www.ilerna.com\/fr\/leblog\/2021\/11\/04\/les-cles-de-la-reforme-100-sante\/\" target=\"_blank\">r\u00e9forme 100% Sant\u00e9<\/a> <\/strong>pour donner une r\u00e9ponse \u00e0 cette croissance des probl\u00e8mes auditifs et \u00e0 la renonce de la grande majorit\u00e9 des personnes \u00e0 s\u2019\u00e9quiper.<\/p>\n\n\n\n<p><\/p>\n\n\n\n<h2 class=\"wp-block-heading\"><strong>Journ\u00e9e Mondiale de l\u2019Audition 2022<\/strong><\/h2>\n\n\n\n<p>Le sujet principal de la <strong>Journ\u00e9e mondiale de l\u2019audition en 2022<\/strong> a \u00e9t\u00e9 \u201cPour entendre \u00e0 vie m\u00e9nageons notre audition\u201d. Les <a href=\"https:\/\/www.who.int\/fr\/campaigns\/world-hearing-day\/2022\" target=\"_blank\" rel=\"noreferrer noopener\">messages principaux lanc\u00e9s ont \u00e9t\u00e9 les suivants<\/a>:<\/p>\n\n\n\n<ul class=\"wp-block-list\"><li><strong>Une bonne audition pour toute la vie est possible<\/strong> gr\u00e2ce aux soins et appareils auditifs.\u00a0<\/li><li>Il faut <strong>travailler sur la pr\u00e9vention <\/strong>des causes courantes de perte auditive.<\/li><li>Il est n\u00e9cessaire de <strong>faire appel tant\u00f4t aux pouvoirs publics comme \u00e0 la soci\u00e9t\u00e9 civile<\/strong> pour mieux conna\u00eetre les r\u00e8gles pr\u00e9sentes autour de l&#8217;\u00e9coute sans danger.\u00a0<\/li><\/ul>\n\n\n\n<p><\/p>\n\n\n\n<h2 class=\"wp-block-heading\"><strong>Une \u00e9coute sans risques pour les oreilles<\/strong><\/h2>\n\n\n\n<p>L\u2019OMS a publi\u00e9 une <a href=\"https:\/\/www.who.int\/fr\/news\/item\/02-03-2022-who-releases-new-standard-to-tackle-rising-threat-of-hearing-loss\" target=\"_blank\" rel=\"noreferrer noopener\">nouvelle norme pour les lieux de divertissement<\/a> pour pouvoir appliquer une <strong>\u00e9coute sans risques<\/strong>. Le but est de prot\u00e9ger l\u2019audition des personnes tout en garantissant un son de haute qualit\u00e9 et une exp\u00e9rience d\u2019\u00e9coute agr\u00e9able. La norme mondiale adopt\u00e9e se traduit en<strong> 6 recommandations<\/strong>:<\/p>\n\n\n\n<ul class=\"wp-block-list\"><li>Un niveau sonore moyen maximal de <strong>100 d\u00e9cibels<\/strong>.<\/li><li><strong>Suivi des niveaux sonores<\/strong>.<\/li><li><strong>Optimisation de l\u2019acoustique,<\/strong> tant\u00f4t du lieu comme des syst\u00e8mes de sonorisation.<\/li><li>Instauration de <strong>protections sonores<\/strong> auditives pour le public.<\/li><li><strong>Installation de zones calmes<\/strong> pour que les personnes puissent se reposer et r\u00e9duire les risques de l\u00e9sions auditives.\u00a0<\/li><li><strong>Formation du personnel<\/strong> et diffusion d\u2019information sur ce sujet.<\/li><\/ul>\n\n\n\n<p>Une exposition prolong\u00e9e au bruit \u00e9lev\u00e9 peut endommager les oreilles et causer des<strong> <a href=\"https:\/\/www.ilerna.com\/fr\/leblog\/2022\/03\/04\/quest-ce-que-les-acouphenes\/\" target=\"_blank\" rel=\"noreferrer noopener\">probl\u00e8mes auditifs comme les acouph\u00e8nes<\/a>.<\/strong><\/p>\n\n\n\n<p><\/p>\n\n\n\n<h2 class=\"wp-block-heading\"><strong>Les \u00e9couteurs, un danger pour l\u2019audition ?<\/strong><\/h2>\n\n\n\n<p>Ce qui est important \u00e0 savoir est que <strong>le capital auditif ne se renouvelle pas<\/strong>. C\u2019est pour \u00e7a que depuis petits nous devons prendre soin de notre audition.\u00a0<br>D\u2019apr\u00e8s l\u2019Institut National de Recherche et S\u00e9curit\u00e9 (INRS), <a href=\"https:\/\/www.inrs.fr\/risques\/bruit\/ce-qu-il-faut-retenir.html#:~:text=On%20consid%C3%A8re%20que%20l'ou%C3%AFe,%C3%A0%20une%20surdit%C3%A9%2C%20ph%C3%A9nom%C3%A8ne%20irr%C3%A9versible.\" target=\"_blank\" rel=\"noreferrer noopener\"><strong>notre ou\u00efe est en danger \u00e0 partir de 8 heures \u00e0 un niveau de 80 d\u00e9cibels<\/strong><\/a> . L\u2019Association JNA (Journ\u00e9e Nationale de l\u2019Audition) <strong><a href=\"https:\/\/informations.handicap.fr\/a-danger-ecouteurs-oreilles-off-30159.php#:~:text=L'augmentation%20des%20d%C3%A9clarations%20de,stress%20acoustique%20parfois%20sans%20discontinuit%C3%A9.\" target=\"_blank\" rel=\"noreferrer noopener\">ce n\u2019est pas la faute du son ou des \u00e9couteurs m\u00eames mais du mode de consommation du son qui est dangereuse pour l\u2019oreille.<\/a> <\/strong>Les <strong>principaux facteurs de risque<\/strong> li\u00e9s \u00e0 l\u2019\u00e9coute de son avec des casques sont: l\u2019<strong>intensit\u00e9 et la dur\u00e9e.<\/strong><\/p>\n\n\n\n<p><\/p>\n\n\n\n<h2 class=\"wp-block-heading\"><strong>Comment minimiser l\u2019impact des \u00e9couteurs sur l\u2019ou\u00efe<\/strong> ?<\/h2>\n\n\n\n<p><strong>Pour minimiser l\u2019impact du son sur nos oreilles <\/strong>il faut suivre quelques bonnes pratiques comme:<\/p>\n\n\n\n<ul class=\"wp-block-list\"><li><strong>Varier le mode d\u2019\u00e9coute<\/strong>: alterner entre les \u00e9couteurs, casques, \u00e9coute du son \u00e0 distance\u2026<\/li><li>Fixer un <strong>temps limite d\u2019\u00e9coute<\/strong> inf\u00e9rieur \u00e0 1 heure.<\/li><li>Prendre du <strong>temps de r\u00e9cup\u00e9ration<\/strong> de 15- 20 minutes.<\/li><\/ul>\n\n\n\n<p><\/p>\n\n\n\n<h2 class=\"wp-block-heading\"><strong>Quels casques utiliser pour mieux prot\u00e9ger l\u2019audition ?<\/strong><\/h2>\n\n\n\n<p>Les \u00e9couteurs que nous utilisons sont tr\u00e8s importants pour les oreilles:&nbsp;<\/p>\n\n\n\n<ul class=\"wp-block-list\"><li><strong>\u00c9couteurs intra-auriculaires<\/strong>: ils sont les plus dangereux. Ce type de casques <strong>peuvent amplifier le son <\/strong>d\u2019une dizaine de d\u00e9cibels. De plus, il s\u2019agit d\u2019\u00e9couteurs qui ne contribuent pas \u00e0 couvrir les oreilles du bruit environnant et ceci incite les personnes \u00e0 \u00e9lever encore plus le volume sonore.\u00a0<\/li><li><strong>Casques supra-auriculaires:<\/strong> ce sont des casques grands qui se posent sur les oreilles. Ils permettent une<strong> meilleure isolation<\/strong> avec la technologie anti-bruit et permettent donc une \u00e9coute \u00e0 un volume moins \u00e9lev\u00e9.<\/li><\/ul>\n\n\n\n<p><\/p>\n\n\n\n<pre class=\"wp-block-preformatted\">Si le domaine de l'audition vous int\u00e9resse, <strong>jetez un coup d'oeil \u00e0 notre formation d'audioproth\u00e9siste<\/strong>. Dans 2 ans vous obtiendrez un <strong>dipl\u00f4me officiel<\/strong> pour exercer le m\u00e9tier. Il s'agit d'une <strong>formation principalement <\/strong>e<strong>n ligne<\/strong> que vous pourrez int\u00e9grer <strong>sans passer par des concours d'acc\u00e8s<\/strong>. <\/pre>\n\n\n\n<div class=\"wp-block-buttons is-content-justification-center is-layout-flex wp-container-core-buttons-is-layout-16018d1d wp-block-buttons-is-layout-flex\">\n<div class=\"wp-block-button\"><a class=\"wp-block-button__link has-background\" href=\"\" style=\"background-color:#48b9ce\" target=\"_blank\" rel=\"noreferrer noopener\">Formation d&#8217;audioproth\u00e9siste d&#8217;ILERNA Online<\/a><\/div>\n<\/div>\n","protected":false},"excerpt":{"rendered":"<p>La perte d&#8217;audition dans le monde est devenue une pr\u00e9occupation majeure. Tant\u00f4t \u00e0 l&#8217;\u00e9chelle internationale comme nationale, des m\u00e9canismes ont \u00e9t\u00e9 mis en place pour tenter de r\u00e9duire les probl\u00e8mes d&#8217;audition. Parmi les dangers, l&#8217;\u00e9coute de la musique avec des casques a un grand effet sur l&#8217;ou\u00efe. Le principal probl\u00e8me est li\u00e9 \u00e0 l&#8217;intensit\u00e9 et \u00e0 la dur\u00e9e de l&#8217;\u00e9coute. <\/p>\n","protected":false},"author":1,"featured_media":384,"comment_status":"closed","ping_status":"open","sticky":false,"template":"","format":"standard","meta":{"footnotes":""},"categories":[7],"tags":[8,40,39,41,16],"class_list":["post-382","post","type-post","status-publish","format-standard","has-post-thumbnail","hentry","category-audioprothesiste","tag-audiologie","tag-casques","tag-ecouteurs","tag-ouie","tag-sante"],"featured_image_src":"https:\/\/www.ilerna.com\/fr\/leblog\/wp-content\/uploads\/2022\/04\/Diseno-sin-titulo-24-600x400.png","featured_image_src_square":"https:\/\/www.ilerna.com\/fr\/leblog\/wp-content\/uploads\/2022\/04\/Diseno-sin-titulo-24-600x540.png","author_info":{"display_name":"jbeltran@ilernaonline.com","author_link":"https:\/\/www.ilerna.com\/fr\/leblog\/author\/jbeltranilernaonline-com\/"},"_links":{"self":[{"href":"https:\/\/www.ilerna.com\/fr\/leblog\/wp-json\/wp\/v2\/posts\/382","targetHints":{"allow":["GET"]}}],"collection":[{"href":"https:\/\/www.ilerna.com\/fr\/leblog\/wp-json\/wp\/v2\/posts"}],"about":[{"href":"https:\/\/www.ilerna.com\/fr\/leblog\/wp-json\/wp\/v2\/types\/post"}],"author":[{"embeddable":true,"href":"https:\/\/www.ilerna.com\/fr\/leblog\/wp-json\/wp\/v2\/users\/1"}],"replies":[{"embeddable":true,"href":"https:\/\/www.ilerna.com\/fr\/leblog\/wp-json\/wp\/v2\/comments?post=382"}],"version-history":[{"count":3,"href":"https:\/\/www.ilerna.com\/fr\/leblog\/wp-json\/wp\/v2\/posts\/382\/revisions"}],"predecessor-version":[{"id":388,"href":"https:\/\/www.ilerna.com\/fr\/leblog\/wp-json\/wp\/v2\/posts\/382\/revisions\/388"}],"wp:featuredmedia":[{"embeddable":true,"href":"https:\/\/www.ilerna.com\/fr\/leblog\/wp-json\/wp\/v2\/media\/384"}],"wp:attachment":[{"href":"https:\/\/www.ilerna.com\/fr\/leblog\/wp-json\/wp\/v2\/media?parent=382"}],"wp:term":[{"taxonomy":"category","embeddable":true,"href":"https:\/\/www.ilerna.com\/fr\/leblog\/wp-json\/wp\/v2\/categories?post=382"},{"taxonomy":"post_tag","embeddable":true,"href":"https:\/\/www.ilerna.com\/fr\/leblog\/wp-json\/wp\/v2\/tags?post=382"}],"curies":[{"name":"wp","href":"https:\/\/api.w.org\/{rel}","templated":true}]}}